{"id":7253,"date":"2025-06-10T14:06:33","date_gmt":"2025-06-10T12:06:33","guid":{"rendered":"https:\/\/www.asumisrauha.fi\/?p=7253"},"modified":"2026-03-18T14:13:28","modified_gmt":"2026-03-18T12:13:28","slug":"asumisrauhan-keskuksen-10-vuotisjuhlat","status":"publish","type":"post","link":"https:\/\/www.asumisrauha.fi\/en\/asumisrauhan-keskuksen-10-vuotisjuhlat\/","title":{"rendered":"10th anniversary of the Centre for Peace in Housing"},"content":{"rendered":"<p>On Tuesday 27.5.2025, the former Centre for Neighbourhood Mediation and the current Centre for Residential Peace celebrated its milestone by inviting its network, steering group and other key partners to celebrate at Gillet Bar &amp; Bistro Festsale in Helsinki. The celebration started with a speech by Antti Heikinheimo, President of the Finnish Mediation Forum, who among other things highlighted the importance and background of our work. <em>\u201dThe mediation of conflicts relating to neighbourhood and housing has been a sub-type of mediation since the beginning. Housing and neighbourhood conflicts are a specific type of conflict and it is therefore important that there is a specific centre for mediation, dedicated to housing and mediation. A place where mediation on this subject can develop and grow in terms of expertise, in order to support social peace in an increasingly pluralistic, multicultural and multi-challenging social reality. NSK has been part of the success story of mediation rooted in Finland. The Centre for Neighbourly Mediation is doing important work in line with best mediation practices and with great results. This work deserves the full support of the Finnish Mediation Forum.\u201d<\/em><\/p>\n\n\n\n<p>After the welcoming remarks, we listened to project manager Kethlin L\u00f6rincz's overview of the Centre's journey to the present moment. With a forward-looking approach, we also looked beyond 2025. Halfway through our celebration, we enjoyed coffee and snacks as well as live music by Duo Vilja &amp; Elona. University researcher Eeva Puumala, PhD, took our guests on a tour of neighbourhoods in Finland and Sweden, talking about the changing nature of neighbourhoods and coexistence. After a very interesting lecture, we unveiled our new name, our new logo and our new-look website.<\/p>\n\n\n\n<p>Finally, accompanied by champagne, we spent some time networking together before the festivities dispersed.<\/p>\n\n\n\n<p>Thank you to all our co-hosts for the shared celebration, the warm memories and all the remembrances we received!<\/p>\n\n\n\n<p><\/p>","protected":false},"excerpt":{"rendered":"<p>On Tuesday 27.5.2025, the former Centre for Neighbourhood Mediation and the current Centre for Residential Peace celebrated its milestone by inviting its network, steering group and other key partners to celebrate at Gillet Bar &amp; Bistro Festsale in Helsinki. <\/p>","protected":false},"author":10,"featured_media":7255,"comment_status":"closed","ping_status":"open","sticky":false,"template":"","format":"standard","meta":{"_kad_post_transparent":"","_kad_post_title":"","_kad_post_layout":"","_kad_post_sidebar_id":"","_kad_post_content_style":"","_kad_post_vertical_padding":"","_kad_post_feature":"","_kad_post_feature_position":"","_kad_post_header":false,"_kad_post_footer":false,"_kad_post_classname":"","footnotes":""},"categories":[1],"tags":[61,62,45],"class_list":["post-7253","post","type-post","status-publish","format-standard","has-post-thumbnail","hentry","category-yleinen-fi","tag-asumisrauha","tag-naapuruussovittelun-keskus","tag-sovittelu"],"yoast_head":"<!-- This site is optimized with the Yoast SEO plugin v27.4 - https:\/\/yoast.com\/product\/yoast-seo-wordpress\/ -->\n<title>Asumisrauhan keskuksen 10 -vuotisjuhlat - Asumisrauhan keskus<\/title>\n<meta name=\"robots\" content=\"index, follow, max-snippet:-1, max-image-preview:large, max-video-preview:-1\" \/>\n<link rel=\"canonical\" href=\"https:\/\/www.asumisrauha.fi\/en\/asumisrauhan-keskuksen-10-vuotisjuhlat\/\" \/>\n<meta property=\"og:locale\" content=\"en_GB\" \/>\n<meta property=\"og:type\" content=\"article\" \/>\n<meta property=\"og:title\" content=\"Asumisrauhan keskuksen 10 -vuotisjuhlat - Asumisrauhan keskus\" \/>\n<meta property=\"og:description\" content=\"Tiistaina 27.5.2025 juhlittiin py\u00f6reit\u00e4 kun entinen Naapuruussovittelun keskus ja nykyinen Asumisrauhan keskus kutsui yhteisty\u00f6verkostonsa, ohjausryhm\u00e4ns\u00e4 ja muita t\u00e4rkeit\u00e4 yhteisty\u00f6tahojaan juhlimaan Helsinkiin Gillet Bar &amp; Bistron Festsaleen.\" \/>\n<meta property=\"og:url\" content=\"https:\/\/www.asumisrauha.fi\/en\/asumisrauhan-keskuksen-10-vuotisjuhlat\/\" \/>\n<meta property=\"og:site_name\" content=\"Asumisrauhan keskus\" \/>\n<meta property=\"article:published_time\" content=\"2025-06-10T12:06:33+00:00\" \/>\n<meta property=\"article:modified_time\" content=\"2026-03-18T12:13:28+00:00\" \/>\n<meta property=\"og:image\" content=\"https:\/\/www.asumisrauha.fi\/wp-content\/uploads\/2025\/06\/10-v-kutsu-1.jpg\" \/>\n\t<meta property=\"og:image:width\" content=\"1080\" \/>\n\t<meta property=\"og:image:height\" content=\"522\" \/>\n\t<meta property=\"og:image:type\" content=\"image\/jpeg\" \/>\n<meta name=\"author\" content=\"Yli-Koski\" \/>\n<meta name=\"twitter:card\" content=\"summary_large_image\" \/>\n<meta name=\"twitter:label1\" content=\"Written by\" \/>\n\t<meta name=\"twitter:data1\" content=\"Yli-Koski\" \/>\n\t<meta name=\"twitter:label2\" content=\"Estimated reading time\" \/>\n\t<meta name=\"twitter:data2\" content=\"2 minutes\" \/>\n<script type=\"application\/ld+json\" class=\"yoast-schema-graph\">{\"@context\":\"https:\\\/\\\/schema.org\",\"@graph\":[{\"@type\":\"Article\",\"@id\":\"https:\\\/\\\/www.asumisrauha.fi\\\/asumisrauhan-keskuksen-10-vuotisjuhlat\\\/#article\",\"isPartOf\":{\"@id\":\"https:\\\/\\\/www.asumisrauha.fi\\\/asumisrauhan-keskuksen-10-vuotisjuhlat\\\/\"},\"author\":{\"name\":\"Yli-Koski\",\"@id\":\"https:\\\/\\\/www.asumisrauha.fi\\\/#\\\/schema\\\/person\\\/5a261b742d490756ea5d6a6e76b8b3de\"},\"headline\":\"Asumisrauhan keskuksen 10 -vuotisjuhlat\",\"datePublished\":\"2025-06-10T12:06:33+00:00\",\"dateModified\":\"2026-03-18T12:13:28+00:00\",\"mainEntityOfPage\":{\"@id\":\"https:\\\/\\\/www.asumisrauha.fi\\\/asumisrauhan-keskuksen-10-vuotisjuhlat\\\/\"},\"wordCount\":258,\"publisher\":{\"@id\":\"https:\\\/\\\/www.asumisrauha.fi\\\/#organization\"},\"image\":{\"@id\":\"https:\\\/\\\/www.asumisrauha.fi\\\/asumisrauhan-keskuksen-10-vuotisjuhlat\\\/#primaryimage\"},\"thumbnailUrl\":\"https:\\\/\\\/www.asumisrauha.fi\\\/wp-content\\\/uploads\\\/2025\\\/06\\\/10-v-kutsu-1.jpg\",\"keywords\":[\"Asumisrauha\",\"Naapuruussovittelun keskus\",\"sovittelu\"],\"articleSection\":[\"Yleinen\"],\"inLanguage\":\"en-GB\"},{\"@type\":\"WebPage\",\"@id\":\"https:\\\/\\\/www.asumisrauha.fi\\\/asumisrauhan-keskuksen-10-vuotisjuhlat\\\/\",\"url\":\"https:\\\/\\\/www.asumisrauha.fi\\\/asumisrauhan-keskuksen-10-vuotisjuhlat\\\/\",\"name\":\"Asumisrauhan keskuksen 10 -vuotisjuhlat - Asumisrauhan keskus\",\"isPartOf\":{\"@id\":\"https:\\\/\\\/www.asumisrauha.fi\\\/#website\"},\"primaryImageOfPage\":{\"@id\":\"https:\\\/\\\/www.asumisrauha.fi\\\/asumisrauhan-keskuksen-10-vuotisjuhlat\\\/#primaryimage\"},\"image\":{\"@id\":\"https:\\\/\\\/www.asumisrauha.fi\\\/asumisrauhan-keskuksen-10-vuotisjuhlat\\\/#primaryimage\"},\"thumbnailUrl\":\"https:\\\/\\\/www.asumisrauha.fi\\\/wp-content\\\/uploads\\\/2025\\\/06\\\/10-v-kutsu-1.jpg\",\"datePublished\":\"2025-06-10T12:06:33+00:00\",\"dateModified\":\"2026-03-18T12:13:28+00:00\",\"breadcrumb\":{\"@id\":\"https:\\\/\\\/www.asumisrauha.fi\\\/asumisrauhan-keskuksen-10-vuotisjuhlat\\\/#breadcrumb\"},\"inLanguage\":\"en-GB\",\"potentialAction\":[{\"@type\":\"ReadAction\",\"target\":[\"https:\\\/\\\/www.asumisrauha.fi\\\/asumisrauhan-keskuksen-10-vuotisjuhlat\\\/\"]}]},{\"@type\":\"ImageObject\",\"inLanguage\":\"en-GB\",\"@id\":\"https:\\\/\\\/www.asumisrauha.fi\\\/asumisrauhan-keskuksen-10-vuotisjuhlat\\\/#primaryimage\",\"url\":\"https:\\\/\\\/www.asumisrauha.fi\\\/wp-content\\\/uploads\\\/2025\\\/06\\\/10-v-kutsu-1.jpg\",\"contentUrl\":\"https:\\\/\\\/www.asumisrauha.fi\\\/wp-content\\\/uploads\\\/2025\\\/06\\\/10-v-kutsu-1.jpg\",\"width\":1080,\"height\":522},{\"@type\":\"BreadcrumbList\",\"@id\":\"https:\\\/\\\/www.asumisrauha.fi\\\/asumisrauhan-keskuksen-10-vuotisjuhlat\\\/#breadcrumb\",\"itemListElement\":[{\"@type\":\"ListItem\",\"position\":1,\"name\":\"Etusivu\",\"item\":\"https:\\\/\\\/www.asumisrauha.fi\\\/\"},{\"@type\":\"ListItem\",\"position\":2,\"name\":\"Asumisrauhan keskuksen 10 -vuotisjuhlat\"}]},{\"@type\":\"WebSite\",\"@id\":\"https:\\\/\\\/www.asumisrauha.fi\\\/#website\",\"url\":\"https:\\\/\\\/www.asumisrauha.fi\\\/\",\"name\":\"Asumisrauhan keskus\",\"description\":\"Asumisrauhan keskus sovittelee asumiseen ja naapuruuteen liittyvi&auml; konflikteja.\",\"publisher\":{\"@id\":\"https:\\\/\\\/www.asumisrauha.fi\\\/#organization\"},\"potentialAction\":[{\"@type\":\"SearchAction\",\"target\":{\"@type\":\"EntryPoint\",\"urlTemplate\":\"https:\\\/\\\/www.asumisrauha.fi\\\/?s={search_term_string}\"},\"query-input\":{\"@type\":\"PropertyValueSpecification\",\"valueRequired\":true,\"valueName\":\"search_term_string\"}}],\"inLanguage\":\"en-GB\"},{\"@type\":\"Organization\",\"@id\":\"https:\\\/\\\/www.asumisrauha.fi\\\/#organization\",\"name\":\"Asumisrauhan keskus\",\"url\":\"https:\\\/\\\/www.asumisrauha.fi\\\/\",\"logo\":{\"@type\":\"ImageObject\",\"inLanguage\":\"en-GB\",\"@id\":\"https:\\\/\\\/www.asumisrauha.fi\\\/#\\\/schema\\\/logo\\\/image\\\/\",\"url\":\"https:\\\/\\\/www.asumisrauha.fi\\\/wp-content\\\/uploads\\\/2025\\\/05\\\/cropped-logo12.png\",\"contentUrl\":\"https:\\\/\\\/www.asumisrauha.fi\\\/wp-content\\\/uploads\\\/2025\\\/05\\\/cropped-logo12.png\",\"width\":261,\"height\":231,\"caption\":\"Asumisrauhan keskus\"},\"image\":{\"@id\":\"https:\\\/\\\/www.asumisrauha.fi\\\/#\\\/schema\\\/logo\\\/image\\\/\"},\"sameAs\":[\"https:\\\/\\\/fi.linkedin.com\\\/company\\\/naapuruussovittelun-keskus\"]},{\"@type\":\"Person\",\"@id\":\"https:\\\/\\\/www.asumisrauha.fi\\\/#\\\/schema\\\/person\\\/5a261b742d490756ea5d6a6e76b8b3de\",\"name\":\"Yli-Koski\",\"url\":\"https:\\\/\\\/www.asumisrauha.fi\\\/en\\\/author\\\/paivi-yli-koski-admin\\\/\"}]}<\/script>\n<!-- \/ Yoast SEO plugin. -->","yoast_head_json":{"title":"10th anniversary of the Centre for Peace in Housing - Centre for Peace in Housing","robots":{"index":"index","follow":"follow","max-snippet":"max-snippet:-1","max-image-preview":"max-image-preview:large","max-video-preview":"max-video-preview:-1"},"canonical":"https:\/\/www.asumisrauha.fi\/en\/asumisrauhan-keskuksen-10-vuotisjuhlat\/","og_locale":"en_GB","og_type":"article","og_title":"Asumisrauhan keskuksen 10 -vuotisjuhlat - Asumisrauhan keskus","og_description":"Tiistaina 27.5.2025 juhlittiin py\u00f6reit\u00e4 kun entinen Naapuruussovittelun keskus ja nykyinen Asumisrauhan keskus kutsui yhteisty\u00f6verkostonsa, ohjausryhm\u00e4ns\u00e4 ja muita t\u00e4rkeit\u00e4 yhteisty\u00f6tahojaan juhlimaan Helsinkiin Gillet Bar & Bistron Festsaleen.","og_url":"https:\/\/www.asumisrauha.fi\/en\/asumisrauhan-keskuksen-10-vuotisjuhlat\/","og_site_name":"Asumisrauhan keskus","article_published_time":"2025-06-10T12:06:33+00:00","article_modified_time":"2026-03-18T12:13:28+00:00","og_image":[{"width":1080,"height":522,"url":"https:\/\/www.asumisrauha.fi\/wp-content\/uploads\/2025\/06\/10-v-kutsu-1.jpg","type":"image\/jpeg"}],"author":"Yli-Koski","twitter_card":"summary_large_image","twitter_misc":{"Written by":"Yli-Koski","Estimated reading time":"2 minutes"},"schema":{"@context":"https:\/\/schema.org","@graph":[{"@type":"Article","@id":"https:\/\/www.asumisrauha.fi\/asumisrauhan-keskuksen-10-vuotisjuhlat\/#article","isPartOf":{"@id":"https:\/\/www.asumisrauha.fi\/asumisrauhan-keskuksen-10-vuotisjuhlat\/"},"author":{"name":"Yli-Koski","@id":"https:\/\/www.asumisrauha.fi\/#\/schema\/person\/5a261b742d490756ea5d6a6e76b8b3de"},"headline":"Asumisrauhan keskuksen 10 -vuotisjuhlat","datePublished":"2025-06-10T12:06:33+00:00","dateModified":"2026-03-18T12:13:28+00:00","mainEntityOfPage":{"@id":"https:\/\/www.asumisrauha.fi\/asumisrauhan-keskuksen-10-vuotisjuhlat\/"},"wordCount":258,"publisher":{"@id":"https:\/\/www.asumisrauha.fi\/#organization"},"image":{"@id":"https:\/\/www.asumisrauha.fi\/asumisrauhan-keskuksen-10-vuotisjuhlat\/#primaryimage"},"thumbnailUrl":"https:\/\/www.asumisrauha.fi\/wp-content\/uploads\/2025\/06\/10-v-kutsu-1.jpg","keywords":["Asumisrauha","Naapuruussovittelun keskus","sovittelu"],"articleSection":["Yleinen"],"inLanguage":"en-GB"},{"@type":"WebPage","@id":"https:\/\/www.asumisrauha.fi\/asumisrauhan-keskuksen-10-vuotisjuhlat\/","url":"https:\/\/www.asumisrauha.fi\/asumisrauhan-keskuksen-10-vuotisjuhlat\/","name":"10th anniversary of the Centre for Peace in Housing - Centre for Peace in Housing","isPartOf":{"@id":"https:\/\/www.asumisrauha.fi\/#website"},"primaryImageOfPage":{"@id":"https:\/\/www.asumisrauha.fi\/asumisrauhan-keskuksen-10-vuotisjuhlat\/#primaryimage"},"image":{"@id":"https:\/\/www.asumisrauha.fi\/asumisrauhan-keskuksen-10-vuotisjuhlat\/#primaryimage"},"thumbnailUrl":"https:\/\/www.asumisrauha.fi\/wp-content\/uploads\/2025\/06\/10-v-kutsu-1.jpg","datePublished":"2025-06-10T12:06:33+00:00","dateModified":"2026-03-18T12:13:28+00:00","breadcrumb":{"@id":"https:\/\/www.asumisrauha.fi\/asumisrauhan-keskuksen-10-vuotisjuhlat\/#breadcrumb"},"inLanguage":"en-GB","potentialAction":[{"@type":"ReadAction","target":["https:\/\/www.asumisrauha.fi\/asumisrauhan-keskuksen-10-vuotisjuhlat\/"]}]},{"@type":"ImageObject","inLanguage":"en-GB","@id":"https:\/\/www.asumisrauha.fi\/asumisrauhan-keskuksen-10-vuotisjuhlat\/#primaryimage","url":"https:\/\/www.asumisrauha.fi\/wp-content\/uploads\/2025\/06\/10-v-kutsu-1.jpg","contentUrl":"https:\/\/www.asumisrauha.fi\/wp-content\/uploads\/2025\/06\/10-v-kutsu-1.jpg","width":1080,"height":522},{"@type":"BreadcrumbList","@id":"https:\/\/www.asumisrauha.fi\/asumisrauhan-keskuksen-10-vuotisjuhlat\/#breadcrumb","itemListElement":[{"@type":"ListItem","position":1,"name":"Etusivu","item":"https:\/\/www.asumisrauha.fi\/"},{"@type":"ListItem","position":2,"name":"Asumisrauhan keskuksen 10 -vuotisjuhlat"}]},{"@type":"WebSite","@id":"https:\/\/www.asumisrauha.fi\/#website","url":"https:\/\/www.asumisrauha.fi\/","name":"Centre for Residential Peace","description":"The Centre for Residential Peace mediates conflicts related to housing and neighbourhood.","publisher":{"@id":"https:\/\/www.asumisrauha.fi\/#organization"},"potentialAction":[{"@type":"SearchAction","target":{"@type":"EntryPoint","urlTemplate":"https:\/\/www.asumisrauha.fi\/?s={search_term_string}"},"query-input":{"@type":"PropertyValueSpecification","valueRequired":true,"valueName":"search_term_string"}}],"inLanguage":"en-GB"},{"@type":"Organization","@id":"https:\/\/www.asumisrauha.fi\/#organization","name":"Centre for Residential Peace","url":"https:\/\/www.asumisrauha.fi\/","logo":{"@type":"ImageObject","inLanguage":"en-GB","@id":"https:\/\/www.asumisrauha.fi\/#\/schema\/logo\/image\/","url":"https:\/\/www.asumisrauha.fi\/wp-content\/uploads\/2025\/05\/cropped-logo12.png","contentUrl":"https:\/\/www.asumisrauha.fi\/wp-content\/uploads\/2025\/05\/cropped-logo12.png","width":261,"height":231,"caption":"Asumisrauhan keskus"},"image":{"@id":"https:\/\/www.asumisrauha.fi\/#\/schema\/logo\/image\/"},"sameAs":["https:\/\/fi.linkedin.com\/company\/naapuruussovittelun-keskus"]},{"@type":"Person","@id":"https:\/\/www.asumisrauha.fi\/#\/schema\/person\/5a261b742d490756ea5d6a6e76b8b3de","name":"Yli-Koski","url":"https:\/\/www.asumisrauha.fi\/en\/author\/paivi-yli-koski-admin\/"}]}},"_links":{"self":[{"href":"https:\/\/www.asumisrauha.fi\/en\/wp-json\/wp\/v2\/posts\/7253","targetHints":{"allow":["GET"]}}],"collection":[{"href":"https:\/\/www.asumisrauha.fi\/en\/wp-json\/wp\/v2\/posts"}],"about":[{"href":"https:\/\/www.asumisrauha.fi\/en\/wp-json\/wp\/v2\/types\/post"}],"author":[{"embeddable":true,"href":"https:\/\/www.asumisrauha.fi\/en\/wp-json\/wp\/v2\/users\/10"}],"replies":[{"embeddable":true,"href":"https:\/\/www.asumisrauha.fi\/en\/wp-json\/wp\/v2\/comments?post=7253"}],"version-history":[{"count":1,"href":"https:\/\/www.asumisrauha.fi\/en\/wp-json\/wp\/v2\/posts\/7253\/revisions"}],"predecessor-version":[{"id":7565,"href":"https:\/\/www.asumisrauha.fi\/en\/wp-json\/wp\/v2\/posts\/7253\/revisions\/7565"}],"wp:featuredmedia":[{"embeddable":true,"href":"https:\/\/www.asumisrauha.fi\/en\/wp-json\/wp\/v2\/media\/7255"}],"wp:attachment":[{"href":"https:\/\/www.asumisrauha.fi\/en\/wp-json\/wp\/v2\/media?parent=7253"}],"wp:term":[{"taxonomy":"category","embeddable":true,"href":"https:\/\/www.asumisrauha.fi\/en\/wp-json\/wp\/v2\/categories?post=7253"},{"taxonomy":"post_tag","embeddable":true,"href":"https:\/\/www.asumisrauha.fi\/en\/wp-json\/wp\/v2\/tags?post=7253"}],"curies":[{"name":"wp","href":"https:\/\/api.w.org\/{rel}","templated":true}]}}