{"id":7157,"date":"2025-05-30T09:17:14","date_gmt":"2025-05-30T07:17:14","guid":{"rendered":"https:\/\/www.asumisrauha.fi\/?p=7157"},"modified":"2026-03-18T14:14:11","modified_gmt":"2026-03-18T12:14:11","slug":"me-uudistuimme-uusi-nimi-ja-uudet-nettisivut","status":"publish","type":"post","link":"https:\/\/www.asumisrauha.fi\/sv\/me-uudistuimme-uusi-nimi-ja-uudet-nettisivut\/","title":{"rendered":"Vi relanserade - nytt namn och ny webbplats"},"content":{"rendered":"<p>Vi \u00e4r glada att kunna meddela att Neighbourhood Mediation Centre nu \u00e4r&nbsp;<em>Centrum f\u00f6r fred i boendet (CPR).<\/em>&nbsp;I och med det nya namnet lanserade vi ocks\u00e5 v\u00e5r helt omarbetade webbplats (asumisrauha.fi).<\/p>\n\n\n\n<p>V\u00e5rt nya namn, Centrum f\u00f6r bostadsfred, \u00e5terspeglar b\u00e4ttre vad vi g\u00f6r och vilka vi \u00e4r idag. F\u00f6rutom traditionell medling omfattar v\u00e5ra v\u00e4rderingar, tj\u00e4nster och framtida inriktning ett tv\u00e4rvetenskapligt arbete f\u00f6r fred i boendet. Om det till exempel finns en tvist i ett bostadsomr\u00e5de, men parterna egentligen inte upplever att de \u00e4r i konflikt, kan vi ha ett mer informativt f\u00f6rh\u00e5llningss\u00e4tt till arbetet f\u00f6r bostadsfred.<\/p>\n\n\n\n<p>Medling i reparativ r\u00e4ttvisa \u00e4r fortfarande ett av v\u00e5ra k\u00e4rnomr\u00e5den och efter mer \u00e4n ett decennium inom bostadsbranschen \u00e4r vi en av de b\u00e4sta medlingsexperterna i Finland. Till v\u00e5ra tj\u00e4nster h\u00f6r ocks\u00e5 samh\u00e4llsmedling och dess variant, samh\u00e4llsdialog, som redan \u00e4r bekant f\u00f6r m\u00e5nga av v\u00e5ra samarbetspartner och som ocks\u00e5 kan anv\u00e4ndas f\u00f6r att hantera situationer som p\u00e5verkar ett st\u00f6rre bostadsomr\u00e5de.<\/p>\n\n\n\n<p>Vi utvecklar st\u00e4ndigt v\u00e5r verksamhet f\u00f6r att b\u00e4ttre m\u00f6ta behoven hos de m\u00e4nniskor som v\u00e4nder sig till oss. Behovet av flexibilitet och kreativitet f\u00f6r att tillgodose klienternas behov, \u00e4ven n\u00e4r grundl\u00e4ggande medling av en eller annan anledning inte verkar vara den l\u00e4mpliga metoden, har varit drivkraften bakom f\u00f6rnyelsen och utvidgningen av v\u00e5ra tj\u00e4nster, framf\u00f6r allt inom gr\u00e4srotsmedling. Se flikarna f\u00f6r mer anv\u00e4ndbar information om v\u00e5ra f\u00f6rnyade tj\u00e4nster.<\/p>\n\n\n\n<p>V\u00e5r verksamhet finansieras fortfarande huvudsakligen av STEA, men v\u00e5r vision f\u00f6r framtiden \u00e4r att st\u00e4rka och bredda v\u00e5r finansieringsbas. F\u00f6rnyelsen \u00e4r ocks\u00e5 ett steg i fr\u00e4mjandet och marknadsf\u00f6ringen av v\u00e5ra tj\u00e4nster. Den nya webbplatsen har utformats f\u00f6r att vara mer anv\u00e4ndarv\u00e4nlig, informativ och visuellt fr\u00e4sch.<\/p>\n\n\n\n<p>Varmt v\u00e4lkommen att bes\u00f6ka v\u00e5r nya hemsida!<\/p>\n\n\n\n<p><\/p>","protected":false},"excerpt":{"rendered":"<p>V\u00e5rt f\u00f6rnyade namn, F\u00f6reningen f\u00f6r boendero, speglar b\u00e4ttre vad vi g\u00f6r och vilka vi \u00e4r idag. Ut\u00f6ver traditionell medling ing\u00e5r tv\u00e4rvetenskapligt arbete f\u00f6r boendero i v\u00e5ra v\u00e4rderingar, tj\u00e4nster och framtida riktning. Till exempel, om ett gr\u00e4l uppst\u00e5r i en bostadsr\u00e4ttsf\u00f6rening men parterna inte riktigt k\u00e4nner sig i konflikt, kan vi arbeta med ett mer informationsbaserat tillv\u00e4gag\u00e5ngss\u00e4tt genom \u00e5tg\u00e4rder som fr\u00e4mjar boendero.<\/p>","protected":false},"author":10,"featured_media":6647,"comment_status":"closed","ping_status":"open","sticky":false,"template":"","format":"standard","meta":{"_kad_post_transparent":"","_kad_post_title":"","_kad_post_layout":"","_kad_post_sidebar_id":"","_kad_post_content_style":"","_kad_post_vertical_padding":"","_kad_post_feature":"","_kad_post_feature_position":"","_kad_post_header":false,"_kad_post_footer":false,"_kad_post_classname":"","footnotes":""},"categories":[1],"tags":[61,62,45],"class_list":["post-7157","post","type-post","status-publish","format-standard","has-post-thumbnail","hentry","category-yleinen-fi","tag-asumisrauha","tag-naapuruussovittelun-keskus","tag-sovittelu"],"yoast_head":"<!-- This site is optimized with the Yoast SEO plugin v27.4 - https:\/\/yoast.com\/product\/yoast-seo-wordpress\/ -->\n<title>Me uudistuimme \u2013 uusi nimi ja uudet nettisivut - Asumisrauhan keskus<\/title>\n<meta name=\"robots\" content=\"index, follow, max-snippet:-1, max-image-preview:large, max-video-preview:-1\" \/>\n<link rel=\"canonical\" href=\"https:\/\/www.asumisrauha.fi\/sv\/me-uudistuimme-uusi-nimi-ja-uudet-nettisivut\/\" \/>\n<meta property=\"og:locale\" content=\"sv_SE\" \/>\n<meta property=\"og:type\" content=\"article\" \/>\n<meta property=\"og:title\" content=\"Me uudistuimme \u2013 uusi nimi ja uudet nettisivut - Asumisrauhan keskus\" \/>\n<meta property=\"og:description\" content=\"Uudistettu nimemme Asumisrauhan keskus kuvastaa paremmin sit\u00e4, mit\u00e4 t\u00e4n\u00e4 p\u00e4iv\u00e4n\u00e4 teemme ja keit\u00e4 olemme. Perinteisen sovittelun lis\u00e4ksi arvoihimme, palveluihimme ja tulevaisuuden suuntaamme kuuluu monialainen ty\u00f6 asumisrauhan puolesta. Esimerkiksi mik\u00e4li asuinyhteis\u00f6\u00f6n liittyy riitaisuutta mutta osapuolet eiv\u00e4t oikeastaan koe olevansa konfliktissa, saatamme edet\u00e4 informatiivisemmalla otteella\u00a0asumisrauhaa edist\u00e4v\u00e4n ty\u00f6n\u00a0keinoin.\" \/>\n<meta property=\"og:url\" content=\"https:\/\/www.asumisrauha.fi\/sv\/me-uudistuimme-uusi-nimi-ja-uudet-nettisivut\/\" \/>\n<meta property=\"og:site_name\" content=\"Asumisrauhan keskus\" \/>\n<meta property=\"article:published_time\" content=\"2025-05-30T07:17:14+00:00\" \/>\n<meta property=\"article:modified_time\" content=\"2026-03-18T12:14:11+00:00\" \/>\n<meta property=\"og:image\" content=\"https:\/\/www.asumisrauha.fi\/wp-content\/uploads\/2025\/05\/circum.png\" \/>\n\t<meta property=\"og:image:width\" content=\"1920\" \/>\n\t<meta property=\"og:image:height\" content=\"1393\" \/>\n\t<meta property=\"og:image:type\" content=\"image\/png\" \/>\n<meta name=\"author\" content=\"Yli-Koski\" \/>\n<meta name=\"twitter:card\" content=\"summary_large_image\" \/>\n<meta name=\"twitter:label1\" content=\"Skriven av\" \/>\n\t<meta name=\"twitter:data1\" content=\"Yli-Koski\" \/>\n\t<meta name=\"twitter:label2\" content=\"Ber\u00e4knad l\u00e4stid\" \/>\n\t<meta name=\"twitter:data2\" content=\"2 minuter\" \/>\n<script type=\"application\/ld+json\" class=\"yoast-schema-graph\">{\"@context\":\"https:\\\/\\\/schema.org\",\"@graph\":[{\"@type\":\"Article\",\"@id\":\"https:\\\/\\\/www.asumisrauha.fi\\\/me-uudistuimme-uusi-nimi-ja-uudet-nettisivut\\\/#article\",\"isPartOf\":{\"@id\":\"https:\\\/\\\/www.asumisrauha.fi\\\/me-uudistuimme-uusi-nimi-ja-uudet-nettisivut\\\/\"},\"author\":{\"name\":\"Yli-Koski\",\"@id\":\"https:\\\/\\\/www.asumisrauha.fi\\\/#\\\/schema\\\/person\\\/5a261b742d490756ea5d6a6e76b8b3de\"},\"headline\":\"Me uudistuimme \u2013 uusi nimi ja uudet nettisivut\",\"datePublished\":\"2025-05-30T07:17:14+00:00\",\"dateModified\":\"2026-03-18T12:14:11+00:00\",\"mainEntityOfPage\":{\"@id\":\"https:\\\/\\\/www.asumisrauha.fi\\\/me-uudistuimme-uusi-nimi-ja-uudet-nettisivut\\\/\"},\"wordCount\":245,\"publisher\":{\"@id\":\"https:\\\/\\\/www.asumisrauha.fi\\\/#organization\"},\"image\":{\"@id\":\"https:\\\/\\\/www.asumisrauha.fi\\\/me-uudistuimme-uusi-nimi-ja-uudet-nettisivut\\\/#primaryimage\"},\"thumbnailUrl\":\"https:\\\/\\\/www.asumisrauha.fi\\\/wp-content\\\/uploads\\\/2025\\\/05\\\/circum.png\",\"keywords\":[\"Asumisrauha\",\"Naapuruussovittelun keskus\",\"sovittelu\"],\"articleSection\":[\"Yleinen\"],\"inLanguage\":\"sv-SE\"},{\"@type\":\"WebPage\",\"@id\":\"https:\\\/\\\/www.asumisrauha.fi\\\/me-uudistuimme-uusi-nimi-ja-uudet-nettisivut\\\/\",\"url\":\"https:\\\/\\\/www.asumisrauha.fi\\\/me-uudistuimme-uusi-nimi-ja-uudet-nettisivut\\\/\",\"name\":\"Me uudistuimme \u2013 uusi nimi ja uudet nettisivut - Asumisrauhan keskus\",\"isPartOf\":{\"@id\":\"https:\\\/\\\/www.asumisrauha.fi\\\/#website\"},\"primaryImageOfPage\":{\"@id\":\"https:\\\/\\\/www.asumisrauha.fi\\\/me-uudistuimme-uusi-nimi-ja-uudet-nettisivut\\\/#primaryimage\"},\"image\":{\"@id\":\"https:\\\/\\\/www.asumisrauha.fi\\\/me-uudistuimme-uusi-nimi-ja-uudet-nettisivut\\\/#primaryimage\"},\"thumbnailUrl\":\"https:\\\/\\\/www.asumisrauha.fi\\\/wp-content\\\/uploads\\\/2025\\\/05\\\/circum.png\",\"datePublished\":\"2025-05-30T07:17:14+00:00\",\"dateModified\":\"2026-03-18T12:14:11+00:00\",\"breadcrumb\":{\"@id\":\"https:\\\/\\\/www.asumisrauha.fi\\\/me-uudistuimme-uusi-nimi-ja-uudet-nettisivut\\\/#breadcrumb\"},\"inLanguage\":\"sv-SE\",\"potentialAction\":[{\"@type\":\"ReadAction\",\"target\":[\"https:\\\/\\\/www.asumisrauha.fi\\\/me-uudistuimme-uusi-nimi-ja-uudet-nettisivut\\\/\"]}]},{\"@type\":\"ImageObject\",\"inLanguage\":\"sv-SE\",\"@id\":\"https:\\\/\\\/www.asumisrauha.fi\\\/me-uudistuimme-uusi-nimi-ja-uudet-nettisivut\\\/#primaryimage\",\"url\":\"https:\\\/\\\/www.asumisrauha.fi\\\/wp-content\\\/uploads\\\/2025\\\/05\\\/circum.png\",\"contentUrl\":\"https:\\\/\\\/www.asumisrauha.fi\\\/wp-content\\\/uploads\\\/2025\\\/05\\\/circum.png\",\"width\":1920,\"height\":1393,\"caption\":\"Piirroskuva rivitalosta. Siistiss\u00e4 julkisivussa yhden oven edusta erottuu joukosta puutarhatonttuineen, enkelipatsaineen , kes\u00e4kukkineen ja jouluvaloineen.\"},{\"@type\":\"BreadcrumbList\",\"@id\":\"https:\\\/\\\/www.asumisrauha.fi\\\/me-uudistuimme-uusi-nimi-ja-uudet-nettisivut\\\/#breadcrumb\",\"itemListElement\":[{\"@type\":\"ListItem\",\"position\":1,\"name\":\"Etusivu\",\"item\":\"https:\\\/\\\/www.asumisrauha.fi\\\/\"},{\"@type\":\"ListItem\",\"position\":2,\"name\":\"Me uudistuimme \u2013 uusi nimi ja uudet nettisivut\"}]},{\"@type\":\"WebSite\",\"@id\":\"https:\\\/\\\/www.asumisrauha.fi\\\/#website\",\"url\":\"https:\\\/\\\/www.asumisrauha.fi\\\/\",\"name\":\"Asumisrauhan keskus\",\"description\":\"Asumisrauhan keskus sovittelee asumiseen ja naapuruuteen liittyvi&auml; konflikteja.\",\"publisher\":{\"@id\":\"https:\\\/\\\/www.asumisrauha.fi\\\/#organization\"},\"potentialAction\":[{\"@type\":\"SearchAction\",\"target\":{\"@type\":\"EntryPoint\",\"urlTemplate\":\"https:\\\/\\\/www.asumisrauha.fi\\\/?s={search_term_string}\"},\"query-input\":{\"@type\":\"PropertyValueSpecification\",\"valueRequired\":true,\"valueName\":\"search_term_string\"}}],\"inLanguage\":\"sv-SE\"},{\"@type\":\"Organization\",\"@id\":\"https:\\\/\\\/www.asumisrauha.fi\\\/#organization\",\"name\":\"Asumisrauhan keskus\",\"url\":\"https:\\\/\\\/www.asumisrauha.fi\\\/\",\"logo\":{\"@type\":\"ImageObject\",\"inLanguage\":\"sv-SE\",\"@id\":\"https:\\\/\\\/www.asumisrauha.fi\\\/#\\\/schema\\\/logo\\\/image\\\/\",\"url\":\"https:\\\/\\\/www.asumisrauha.fi\\\/wp-content\\\/uploads\\\/2025\\\/05\\\/cropped-logo12.png\",\"contentUrl\":\"https:\\\/\\\/www.asumisrauha.fi\\\/wp-content\\\/uploads\\\/2025\\\/05\\\/cropped-logo12.png\",\"width\":261,\"height\":231,\"caption\":\"Asumisrauhan keskus\"},\"image\":{\"@id\":\"https:\\\/\\\/www.asumisrauha.fi\\\/#\\\/schema\\\/logo\\\/image\\\/\"},\"sameAs\":[\"https:\\\/\\\/fi.linkedin.com\\\/company\\\/naapuruussovittelun-keskus\"]},{\"@type\":\"Person\",\"@id\":\"https:\\\/\\\/www.asumisrauha.fi\\\/#\\\/schema\\\/person\\\/5a261b742d490756ea5d6a6e76b8b3de\",\"name\":\"Yli-Koski\",\"url\":\"https:\\\/\\\/www.asumisrauha.fi\\\/sv\\\/author\\\/paivi-yli-koski-admin\\\/\"}]}<\/script>\n<!-- \/ Yoast SEO plugin. -->","yoast_head_json":{"title":"Me uudistuimme \u2013 uusi nimi ja uudet nettisivut - Asumisrauhan keskus","robots":{"index":"index","follow":"follow","max-snippet":"max-snippet:-1","max-image-preview":"max-image-preview:large","max-video-preview":"max-video-preview:-1"},"canonical":"https:\/\/www.asumisrauha.fi\/sv\/me-uudistuimme-uusi-nimi-ja-uudet-nettisivut\/","og_locale":"sv_SE","og_type":"article","og_title":"Me uudistuimme \u2013 uusi nimi ja uudet nettisivut - Asumisrauhan keskus","og_description":"Uudistettu nimemme Asumisrauhan keskus kuvastaa paremmin sit\u00e4, mit\u00e4 t\u00e4n\u00e4 p\u00e4iv\u00e4n\u00e4 teemme ja keit\u00e4 olemme. Perinteisen sovittelun lis\u00e4ksi arvoihimme, palveluihimme ja tulevaisuuden suuntaamme kuuluu monialainen ty\u00f6 asumisrauhan puolesta. Esimerkiksi mik\u00e4li asuinyhteis\u00f6\u00f6n liittyy riitaisuutta mutta osapuolet eiv\u00e4t oikeastaan koe olevansa konfliktissa, saatamme edet\u00e4 informatiivisemmalla otteella\u00a0asumisrauhaa edist\u00e4v\u00e4n ty\u00f6n\u00a0keinoin.","og_url":"https:\/\/www.asumisrauha.fi\/sv\/me-uudistuimme-uusi-nimi-ja-uudet-nettisivut\/","og_site_name":"Asumisrauhan keskus","article_published_time":"2025-05-30T07:17:14+00:00","article_modified_time":"2026-03-18T12:14:11+00:00","og_image":[{"width":1920,"height":1393,"url":"https:\/\/www.asumisrauha.fi\/wp-content\/uploads\/2025\/05\/circum.png","type":"image\/png"}],"author":"Yli-Koski","twitter_card":"summary_large_image","twitter_misc":{"Skriven av":"Yli-Koski","Ber\u00e4knad l\u00e4stid":"2 minuter"},"schema":{"@context":"https:\/\/schema.org","@graph":[{"@type":"Article","@id":"https:\/\/www.asumisrauha.fi\/me-uudistuimme-uusi-nimi-ja-uudet-nettisivut\/#article","isPartOf":{"@id":"https:\/\/www.asumisrauha.fi\/me-uudistuimme-uusi-nimi-ja-uudet-nettisivut\/"},"author":{"name":"Yli-Koski","@id":"https:\/\/www.asumisrauha.fi\/#\/schema\/person\/5a261b742d490756ea5d6a6e76b8b3de"},"headline":"Me uudistuimme \u2013 uusi nimi ja uudet nettisivut","datePublished":"2025-05-30T07:17:14+00:00","dateModified":"2026-03-18T12:14:11+00:00","mainEntityOfPage":{"@id":"https:\/\/www.asumisrauha.fi\/me-uudistuimme-uusi-nimi-ja-uudet-nettisivut\/"},"wordCount":245,"publisher":{"@id":"https:\/\/www.asumisrauha.fi\/#organization"},"image":{"@id":"https:\/\/www.asumisrauha.fi\/me-uudistuimme-uusi-nimi-ja-uudet-nettisivut\/#primaryimage"},"thumbnailUrl":"https:\/\/www.asumisrauha.fi\/wp-content\/uploads\/2025\/05\/circum.png","keywords":["Asumisrauha","Naapuruussovittelun keskus","sovittelu"],"articleSection":["Yleinen"],"inLanguage":"sv-SE"},{"@type":"WebPage","@id":"https:\/\/www.asumisrauha.fi\/me-uudistuimme-uusi-nimi-ja-uudet-nettisivut\/","url":"https:\/\/www.asumisrauha.fi\/me-uudistuimme-uusi-nimi-ja-uudet-nettisivut\/","name":"Me uudistuimme \u2013 uusi nimi ja uudet nettisivut - Asumisrauhan keskus","isPartOf":{"@id":"https:\/\/www.asumisrauha.fi\/#website"},"primaryImageOfPage":{"@id":"https:\/\/www.asumisrauha.fi\/me-uudistuimme-uusi-nimi-ja-uudet-nettisivut\/#primaryimage"},"image":{"@id":"https:\/\/www.asumisrauha.fi\/me-uudistuimme-uusi-nimi-ja-uudet-nettisivut\/#primaryimage"},"thumbnailUrl":"https:\/\/www.asumisrauha.fi\/wp-content\/uploads\/2025\/05\/circum.png","datePublished":"2025-05-30T07:17:14+00:00","dateModified":"2026-03-18T12:14:11+00:00","breadcrumb":{"@id":"https:\/\/www.asumisrauha.fi\/me-uudistuimme-uusi-nimi-ja-uudet-nettisivut\/#breadcrumb"},"inLanguage":"sv-SE","potentialAction":[{"@type":"ReadAction","target":["https:\/\/www.asumisrauha.fi\/me-uudistuimme-uusi-nimi-ja-uudet-nettisivut\/"]}]},{"@type":"ImageObject","inLanguage":"sv-SE","@id":"https:\/\/www.asumisrauha.fi\/me-uudistuimme-uusi-nimi-ja-uudet-nettisivut\/#primaryimage","url":"https:\/\/www.asumisrauha.fi\/wp-content\/uploads\/2025\/05\/circum.png","contentUrl":"https:\/\/www.asumisrauha.fi\/wp-content\/uploads\/2025\/05\/circum.png","width":1920,"height":1393,"caption":"Piirroskuva rivitalosta. Siistiss\u00e4 julkisivussa yhden oven edusta erottuu joukosta puutarhatonttuineen, enkelipatsaineen , kes\u00e4kukkineen ja jouluvaloineen."},{"@type":"BreadcrumbList","@id":"https:\/\/www.asumisrauha.fi\/me-uudistuimme-uusi-nimi-ja-uudet-nettisivut\/#breadcrumb","itemListElement":[{"@type":"ListItem","position":1,"name":"Etusivu","item":"https:\/\/www.asumisrauha.fi\/"},{"@type":"ListItem","position":2,"name":"Me uudistuimme \u2013 uusi nimi ja uudet nettisivut"}]},{"@type":"WebSite","@id":"https:\/\/www.asumisrauha.fi\/#website","url":"https:\/\/www.asumisrauha.fi\/","name":"Centrum f\u00f6r fred i boendet","description":"Centrum f\u00f6r boendefrid medlar i konflikter som r\u00f6r boende och grannskap.","publisher":{"@id":"https:\/\/www.asumisrauha.fi\/#organization"},"potentialAction":[{"@type":"SearchAction","target":{"@type":"EntryPoint","urlTemplate":"https:\/\/www.asumisrauha.fi\/?s={search_term_string}"},"query-input":{"@type":"PropertyValueSpecification","valueRequired":true,"valueName":"search_term_string"}}],"inLanguage":"sv-SE"},{"@type":"Organization","@id":"https:\/\/www.asumisrauha.fi\/#organization","name":"Centrum f\u00f6r fred i boendet","url":"https:\/\/www.asumisrauha.fi\/","logo":{"@type":"ImageObject","inLanguage":"sv-SE","@id":"https:\/\/www.asumisrauha.fi\/#\/schema\/logo\/image\/","url":"https:\/\/www.asumisrauha.fi\/wp-content\/uploads\/2025\/05\/cropped-logo12.png","contentUrl":"https:\/\/www.asumisrauha.fi\/wp-content\/uploads\/2025\/05\/cropped-logo12.png","width":261,"height":231,"caption":"Asumisrauhan keskus"},"image":{"@id":"https:\/\/www.asumisrauha.fi\/#\/schema\/logo\/image\/"},"sameAs":["https:\/\/fi.linkedin.com\/company\/naapuruussovittelun-keskus"]},{"@type":"Person","@id":"https:\/\/www.asumisrauha.fi\/#\/schema\/person\/5a261b742d490756ea5d6a6e76b8b3de","name":"Yli-Koski","url":"https:\/\/www.asumisrauha.fi\/sv\/author\/paivi-yli-koski-admin\/"}]}},"_links":{"self":[{"href":"https:\/\/www.asumisrauha.fi\/sv\/wp-json\/wp\/v2\/posts\/7157","targetHints":{"allow":["GET"]}}],"collection":[{"href":"https:\/\/www.asumisrauha.fi\/sv\/wp-json\/wp\/v2\/posts"}],"about":[{"href":"https:\/\/www.asumisrauha.fi\/sv\/wp-json\/wp\/v2\/types\/post"}],"author":[{"embeddable":true,"href":"https:\/\/www.asumisrauha.fi\/sv\/wp-json\/wp\/v2\/users\/10"}],"replies":[{"embeddable":true,"href":"https:\/\/www.asumisrauha.fi\/sv\/wp-json\/wp\/v2\/comments?post=7157"}],"version-history":[{"count":1,"href":"https:\/\/www.asumisrauha.fi\/sv\/wp-json\/wp\/v2\/posts\/7157\/revisions"}],"predecessor-version":[{"id":7566,"href":"https:\/\/www.asumisrauha.fi\/sv\/wp-json\/wp\/v2\/posts\/7157\/revisions\/7566"}],"wp:featuredmedia":[{"embeddable":true,"href":"https:\/\/www.asumisrauha.fi\/sv\/wp-json\/wp\/v2\/media\/6647"}],"wp:attachment":[{"href":"https:\/\/www.asumisrauha.fi\/sv\/wp-json\/wp\/v2\/media?parent=7157"}],"wp:term":[{"taxonomy":"category","embeddable":true,"href":"https:\/\/www.asumisrauha.fi\/sv\/wp-json\/wp\/v2\/categories?post=7157"},{"taxonomy":"post_tag","embeddable":true,"href":"https:\/\/www.asumisrauha.fi\/sv\/wp-json\/wp\/v2\/tags?post=7157"}],"curies":[{"name":"wp","href":"https:\/\/api.w.org\/{rel}","templated":true}]}}