{"id":7569,"date":"2026-03-20T11:11:46","date_gmt":"2026-03-20T09:11:46","guid":{"rendered":"https:\/\/www.asumisrauha.fi\/?p=7569"},"modified":"2026-03-20T11:11:48","modified_gmt":"2026-03-20T09:11:48","slug":"asumisrauhan-keskus-hakee-hankepaallikkoa-vakinaiseen-tehtavaan","status":"publish","type":"post","link":"https:\/\/www.asumisrauha.fi\/sv\/asumisrauhan-keskus-hakee-hankepaallikkoa-vakinaiseen-tehtavaan\/","title":{"rendered":"Centre for Peace in Housing s\u00f6ker en projektledare f\u00f6r en tillsvidareanst\u00e4llning"},"content":{"rendered":"<p>Bostadsfredscentret, som \u00e4r ett projekt av Finlands Medlingsforum rf, grundades 2015. Syftet med centret \u00e4r att fr\u00e4mja fungerande befolkningsrelationer, f\u00f6rebygga att sp\u00e4nningar utvecklas till konfrontationer och att konfrontationer tillspetsas till konflikter, samt att medla i boende- och grannskapsrelaterade konflikter. Centret f\u00f6ljer principerna om neutralitet och icke-bindande i sin verksamhet. Verksamheten finansieras av STEA.<\/p>\n\n\n\n<p><strong>Vi s\u00f6ker nu en projektledare till Bostadsfridsverksamhetens center (ASK) f\u00f6r en heltidstj\u00e4nst och en tillsvidareanst\u00e4llning.<\/strong><\/p>\n\n\n\n<p>I projektledarens uppgifter ing\u00e5r att leda centrets team av experter och volont\u00e4rer, planera och utveckla aktiviteter, personaladministration, ekonomiskt ansvar, lobbying och n\u00e4tverkande samt att f\u00f6rbereda ans\u00f6kningar och rapporter till finansi\u00e4rer och f\u00f6reningens styrelse. Dessutom ing\u00e5r medling och utbildning i chefens arbetsuppgifter.<\/p>\n\n\n\n<p>Chefen har det finska medlingsforumets organisations och sitt teams gedigna expertis och st\u00f6d bakom sig. Arbetet utf\u00f6rs huvudsakligen p\u00e5 distans och delvis p\u00e5 kontoret i Helsingfors (m\u00f6ten ca 1 g\u00e5ng\/m\u00e5nad ansikte mot ansikte). Teammedlemmarna bor runtom i Finland och d\u00e4rf\u00f6r tr\u00e4ffas teamet veckovis via Teams-m\u00f6ten. Arbetet kan kr\u00e4va en del resor inom landet.<\/p>\n\n\n\n<p><strong>Fr\u00e5n den s\u00f6kande f\u00f6rv\u00e4ntar vi oss:<\/strong><\/p>\n\n\n\n<ul class=\"wp-block-list\">\n<li>l\u00e4mplig universitetsutbildning<\/li>\n\n\n\n<li>utm\u00e4rkt finska och engelska kunskaper<\/li>\n\n\n\n<li>erfarenhet av att verka som chef och att leda ett sj\u00e4lvstyrande expertteam<\/li>\n\n\n\n<li>projektutvecklings- och f\u00f6rvaltningskompetens (s\u00e4rskilt STEA)<\/li>\n\n\n\n<li>Personal- och ekonomihanteringskompetens<\/li>\n\n\n\n<li>kunskap om teorin och praktiken f\u00f6r restaurativ medling och f\u00f6rm\u00e5gan att till\u00e4mpa principerna f\u00f6r medling<\/li>\n\n\n\n<li>f\u00f6rst\u00e5else f\u00f6r verksamhetsomr\u00e5det eller n\u00e5gon del d\u00e4rav (befolkningsrelationer, boende, s\u00e4kerhet)<\/li>\n<\/ul>\n\n\n\n<p>Dessutom ses erfarenhet av organisationsverksamhet och utbildning samt goda interaktions- och n\u00e4tverksf\u00f6rm\u00e5gor som en merit.<\/p>\n\n\n\n<p>Vi erbjuder en intressant och ansvarsfull roll i ett expertteam. Ut\u00f6ver personlig introduktion lovar vi flexibla arbetstider, f\u00f6rm\u00e5ner, inklusive f\u00f6retagsh\u00e4lsov\u00e5rdstj\u00e4nster, m\u00f6jlighet till distansarbete, ett kompetent team och m\u00f6jlighet att arbeta med gr\u00e4srotsfredsarbete.<\/p>\n\n\n\n<p>Arbetet \u00e4r i grunden ett heltidsarbete och l\u00f6nen baseras p\u00e5 erfarenhet och kompetens, mellan 3 800\u20134 100 \u20ac\/m\u00e5nad. Arbetet p\u00e5b\u00f6rjas enligt \u00f6verenskommelse med den s\u00f6kande i juni, och senast \u00f6nskar man att den nya chefen ska b\u00f6rja den 15 juni 2026. Befattningen har en 6 m\u00e5naders provanst\u00e4llning, varefter anst\u00e4llningen forts\u00e4tter som en fast, tillsvidareanst\u00e4llning. Det \u00e4r bra att notera att projektets fortsatta finansiering \u00e5rligen s\u00f6ks fr\u00e5n STEA.<\/p>\n\n\n\n<p><strong>Ytterligare information och s\u00f6kinstruktioner<\/strong><\/p>\n\n\n\n<p>F\u00f6rsta omg\u00e5ngens intervjuer kommer att h\u00e5llas p\u00e5 distans, fr\u00e4mst mellan kl. 16.00\u201318.00 m\u00e5ndagen 13.4., m\u00e5ndagen 20.4. och tisdagen 21.4. p\u00e5 eftermiddagarna. Till den andra omg\u00e5ngen v\u00e4ljs 2\u20133 s\u00f6kande som intervjuas enligt \u00f6verenskommelse p\u00e5 plats i Helsingfors under vecka 18 eller 19 p\u00e5 eftermiddagarna. Till ans\u00f6kningarna \u00f6nskar vi att man bifogar ett CV samt ett motivationsbrev p\u00e5 max. 1 sida, d\u00e4r den s\u00f6kande beskriver sin kompetens, motivation och erfarenhet i relation till arbetsbeskrivningen. V\u00e4nligen inkludera \u00e4ven referenser med kontaktuppgifter.&nbsp;<strong>Ans\u00f6kningar med bilagor \u00f6nskas till SSF:s styrelse senast 2026-04-05 kl. 20 via e-post:&nbsp;<\/strong><a href=\"mailto:sihteeri@sovittelu.com\"><strong>sihteeri@sovittelu.com<\/strong><\/a><br><br><strong>Mer information om uppdraget ges av vice chefen f\u00f6r Centret f\u00f6r grannro, Irja Hanelius. Du kan fr\u00e5ga mer om uppdraget inom kontorstid p\u00e5 telefon 040 014 8790 enligt f\u00f6ljande: 23.3. kl. 15\u201317 och 25.3. kl. 9\u201310.<\/strong><\/p>\n\n\n\n<p>Mer information om Finlands F\u00f6rmedlingsforum:&nbsp;<a href=\"http:\/\/www.sovittelu.com\/\">www.sovittelu.com<\/a><\/p>\n\n\n\n<p><\/p>","protected":false},"excerpt":{"rendered":"<p>I projektledarens uppgifter ing\u00e5r att leda centrets team av experter och volont\u00e4rer, planera och utveckla aktiviteter, personaladministration, ekonomiskt ansvar, lobbying och n\u00e4tverkande samt att f\u00f6rbereda ans\u00f6kningar och rapporter till finansi\u00e4rer och f\u00f6reningens styrelse. Dessutom ing\u00e5r medling och utbildning i chefens arbetsuppgifter.<\/p>","protected":false},"author":10,"featured_media":7266,"comment_status":"closed","ping_status":"open","sticky":false,"template":"","format":"standard","meta":{"_kad_post_transparent":"","_kad_post_title":"","_kad_post_layout":"","_kad_post_sidebar_id":"","_kad_post_content_style":"","_kad_post_vertical_padding":"","_kad_post_feature":"","_kad_post_feature_position":"","_kad_post_header":false,"_kad_post_footer":false,"_kad_post_classname":"","footnotes":""},"categories":[1],"tags":[],"class_list":["post-7569","post","type-post","status-publish","format-standard","has-post-thumbnail","hentry","category-yleinen-fi"],"yoast_head":"<!-- This site is optimized with the Yoast SEO plugin v27.4 - https:\/\/yoast.com\/product\/yoast-seo-wordpress\/ -->\n<title>Asumisrauhan keskus hakee hankep\u00e4\u00e4llikk\u00f6\u00e4 vakinaiseen teht\u00e4v\u00e4\u00e4n - Asumisrauhan keskus<\/title>\n<meta name=\"robots\" content=\"index, follow, max-snippet:-1, max-image-preview:large, max-video-preview:-1\" \/>\n<link rel=\"canonical\" href=\"https:\/\/www.asumisrauha.fi\/sv\/asumisrauhan-keskus-hakee-hankepaallikkoa-vakinaiseen-tehtavaan\/\" \/>\n<meta property=\"og:locale\" content=\"sv_SE\" \/>\n<meta property=\"og:type\" content=\"article\" \/>\n<meta property=\"og:title\" content=\"Asumisrauhan keskus hakee hankep\u00e4\u00e4llikk\u00f6\u00e4 vakinaiseen teht\u00e4v\u00e4\u00e4n - Asumisrauhan keskus\" \/>\n<meta property=\"og:description\" content=\"Hankep\u00e4\u00e4llik\u00f6n teht\u00e4viin kuuluvat Asumisrauhan keskuksen asiantuntijatiimin sek\u00e4 vapaaehtoisten johtaminen, toiminnan suunnittelu ja kehitt\u00e4minen, henkil\u00f6st\u00f6hallinto, talousvastuu, vaikuttamis- ja verkostoty\u00f6 sek\u00e4 rahoittajille ja yhdistyksen hallitukselle vaadittavien hakemusten ja raporttien laatiminen. Lis\u00e4ksi p\u00e4\u00e4llik\u00f6n ty\u00f6teht\u00e4viin kuuluvat sovitteluty\u00f6 ja kouluttaminen.\" \/>\n<meta property=\"og:url\" content=\"https:\/\/www.asumisrauha.fi\/sv\/asumisrauhan-keskus-hakee-hankepaallikkoa-vakinaiseen-tehtavaan\/\" \/>\n<meta property=\"og:site_name\" content=\"Asumisrauhan keskus\" \/>\n<meta property=\"article:published_time\" content=\"2026-03-20T09:11:46+00:00\" \/>\n<meta property=\"article:modified_time\" content=\"2026-03-20T09:11:48+00:00\" \/>\n<meta property=\"og:image\" content=\"https:\/\/www.asumisrauha.fi\/wp-content\/uploads\/2025\/06\/puutarhassa_iso_leikattu-1.jpg\" \/>\n\t<meta property=\"og:image:width\" content=\"1607\" \/>\n\t<meta property=\"og:image:height\" content=\"380\" \/>\n\t<meta property=\"og:image:type\" content=\"image\/jpeg\" \/>\n<meta name=\"author\" content=\"Yli-Koski\" \/>\n<meta name=\"twitter:card\" content=\"summary_large_image\" \/>\n<meta name=\"twitter:label1\" content=\"Skriven av\" \/>\n\t<meta name=\"twitter:data1\" content=\"Yli-Koski\" \/>\n\t<meta name=\"twitter:label2\" content=\"Ber\u00e4knad l\u00e4stid\" \/>\n\t<meta name=\"twitter:data2\" content=\"3 minuter\" \/>\n<script type=\"application\/ld+json\" class=\"yoast-schema-graph\">{\"@context\":\"https:\\\/\\\/schema.org\",\"@graph\":[{\"@type\":\"Article\",\"@id\":\"https:\\\/\\\/www.asumisrauha.fi\\\/asumisrauhan-keskus-hakee-hankepaallikkoa-vakinaiseen-tehtavaan\\\/#article\",\"isPartOf\":{\"@id\":\"https:\\\/\\\/www.asumisrauha.fi\\\/asumisrauhan-keskus-hakee-hankepaallikkoa-vakinaiseen-tehtavaan\\\/\"},\"author\":{\"name\":\"Yli-Koski\",\"@id\":\"https:\\\/\\\/www.asumisrauha.fi\\\/#\\\/schema\\\/person\\\/5a261b742d490756ea5d6a6e76b8b3de\"},\"headline\":\"Asumisrauhan keskus hakee hankep\u00e4\u00e4llikk\u00f6\u00e4 vakinaiseen teht\u00e4v\u00e4\u00e4n\",\"datePublished\":\"2026-03-20T09:11:46+00:00\",\"dateModified\":\"2026-03-20T09:11:48+00:00\",\"mainEntityOfPage\":{\"@id\":\"https:\\\/\\\/www.asumisrauha.fi\\\/asumisrauhan-keskus-hakee-hankepaallikkoa-vakinaiseen-tehtavaan\\\/\"},\"wordCount\":453,\"publisher\":{\"@id\":\"https:\\\/\\\/www.asumisrauha.fi\\\/#organization\"},\"image\":{\"@id\":\"https:\\\/\\\/www.asumisrauha.fi\\\/asumisrauhan-keskus-hakee-hankepaallikkoa-vakinaiseen-tehtavaan\\\/#primaryimage\"},\"thumbnailUrl\":\"https:\\\/\\\/www.asumisrauha.fi\\\/wp-content\\\/uploads\\\/2025\\\/06\\\/puutarhassa_iso_leikattu-1.jpg\",\"articleSection\":[\"Yleinen\"],\"inLanguage\":\"sv-SE\"},{\"@type\":\"WebPage\",\"@id\":\"https:\\\/\\\/www.asumisrauha.fi\\\/asumisrauhan-keskus-hakee-hankepaallikkoa-vakinaiseen-tehtavaan\\\/\",\"url\":\"https:\\\/\\\/www.asumisrauha.fi\\\/asumisrauhan-keskus-hakee-hankepaallikkoa-vakinaiseen-tehtavaan\\\/\",\"name\":\"Asumisrauhan keskus hakee hankep\u00e4\u00e4llikk\u00f6\u00e4 vakinaiseen teht\u00e4v\u00e4\u00e4n - Asumisrauhan keskus\",\"isPartOf\":{\"@id\":\"https:\\\/\\\/www.asumisrauha.fi\\\/#website\"},\"primaryImageOfPage\":{\"@id\":\"https:\\\/\\\/www.asumisrauha.fi\\\/asumisrauhan-keskus-hakee-hankepaallikkoa-vakinaiseen-tehtavaan\\\/#primaryimage\"},\"image\":{\"@id\":\"https:\\\/\\\/www.asumisrauha.fi\\\/asumisrauhan-keskus-hakee-hankepaallikkoa-vakinaiseen-tehtavaan\\\/#primaryimage\"},\"thumbnailUrl\":\"https:\\\/\\\/www.asumisrauha.fi\\\/wp-content\\\/uploads\\\/2025\\\/06\\\/puutarhassa_iso_leikattu-1.jpg\",\"datePublished\":\"2026-03-20T09:11:46+00:00\",\"dateModified\":\"2026-03-20T09:11:48+00:00\",\"breadcrumb\":{\"@id\":\"https:\\\/\\\/www.asumisrauha.fi\\\/asumisrauhan-keskus-hakee-hankepaallikkoa-vakinaiseen-tehtavaan\\\/#breadcrumb\"},\"inLanguage\":\"sv-SE\",\"potentialAction\":[{\"@type\":\"ReadAction\",\"target\":[\"https:\\\/\\\/www.asumisrauha.fi\\\/asumisrauhan-keskus-hakee-hankepaallikkoa-vakinaiseen-tehtavaan\\\/\"]}]},{\"@type\":\"ImageObject\",\"inLanguage\":\"sv-SE\",\"@id\":\"https:\\\/\\\/www.asumisrauha.fi\\\/asumisrauhan-keskus-hakee-hankepaallikkoa-vakinaiseen-tehtavaan\\\/#primaryimage\",\"url\":\"https:\\\/\\\/www.asumisrauha.fi\\\/wp-content\\\/uploads\\\/2025\\\/06\\\/puutarhassa_iso_leikattu-1.jpg\",\"contentUrl\":\"https:\\\/\\\/www.asumisrauha.fi\\\/wp-content\\\/uploads\\\/2025\\\/06\\\/puutarhassa_iso_leikattu-1.jpg\",\"width\":1607,\"height\":380},{\"@type\":\"BreadcrumbList\",\"@id\":\"https:\\\/\\\/www.asumisrauha.fi\\\/asumisrauhan-keskus-hakee-hankepaallikkoa-vakinaiseen-tehtavaan\\\/#breadcrumb\",\"itemListElement\":[{\"@type\":\"ListItem\",\"position\":1,\"name\":\"Etusivu\",\"item\":\"https:\\\/\\\/www.asumisrauha.fi\\\/\"},{\"@type\":\"ListItem\",\"position\":2,\"name\":\"Asumisrauhan keskus hakee hankep\u00e4\u00e4llikk\u00f6\u00e4 vakinaiseen teht\u00e4v\u00e4\u00e4n\"}]},{\"@type\":\"WebSite\",\"@id\":\"https:\\\/\\\/www.asumisrauha.fi\\\/#website\",\"url\":\"https:\\\/\\\/www.asumisrauha.fi\\\/\",\"name\":\"Asumisrauhan keskus\",\"description\":\"Asumisrauhan keskus sovittelee asumiseen ja naapuruuteen liittyvi&auml; konflikteja.\",\"publisher\":{\"@id\":\"https:\\\/\\\/www.asumisrauha.fi\\\/#organization\"},\"potentialAction\":[{\"@type\":\"SearchAction\",\"target\":{\"@type\":\"EntryPoint\",\"urlTemplate\":\"https:\\\/\\\/www.asumisrauha.fi\\\/?s={search_term_string}\"},\"query-input\":{\"@type\":\"PropertyValueSpecification\",\"valueRequired\":true,\"valueName\":\"search_term_string\"}}],\"inLanguage\":\"sv-SE\"},{\"@type\":\"Organization\",\"@id\":\"https:\\\/\\\/www.asumisrauha.fi\\\/#organization\",\"name\":\"Asumisrauhan keskus\",\"url\":\"https:\\\/\\\/www.asumisrauha.fi\\\/\",\"logo\":{\"@type\":\"ImageObject\",\"inLanguage\":\"sv-SE\",\"@id\":\"https:\\\/\\\/www.asumisrauha.fi\\\/#\\\/schema\\\/logo\\\/image\\\/\",\"url\":\"https:\\\/\\\/www.asumisrauha.fi\\\/wp-content\\\/uploads\\\/2025\\\/05\\\/cropped-logo12.png\",\"contentUrl\":\"https:\\\/\\\/www.asumisrauha.fi\\\/wp-content\\\/uploads\\\/2025\\\/05\\\/cropped-logo12.png\",\"width\":261,\"height\":231,\"caption\":\"Asumisrauhan keskus\"},\"image\":{\"@id\":\"https:\\\/\\\/www.asumisrauha.fi\\\/#\\\/schema\\\/logo\\\/image\\\/\"},\"sameAs\":[\"https:\\\/\\\/fi.linkedin.com\\\/company\\\/naapuruussovittelun-keskus\"]},{\"@type\":\"Person\",\"@id\":\"https:\\\/\\\/www.asumisrauha.fi\\\/#\\\/schema\\\/person\\\/5a261b742d490756ea5d6a6e76b8b3de\",\"name\":\"Yli-Koski\",\"url\":\"https:\\\/\\\/www.asumisrauha.fi\\\/sv\\\/author\\\/paivi-yli-koski-admin\\\/\"}]}<\/script>\n<!-- \/ Yoast SEO plugin. -->","yoast_head_json":{"title":"Centrum f\u00f6r boendero s\u00f6ker projektdeltagare f\u00f6r fast tj\u00e4nst - Centrum f\u00f6r boendero","robots":{"index":"index","follow":"follow","max-snippet":"max-snippet:-1","max-image-preview":"max-image-preview:large","max-video-preview":"max-video-preview:-1"},"canonical":"https:\/\/www.asumisrauha.fi\/sv\/asumisrauhan-keskus-hakee-hankepaallikkoa-vakinaiseen-tehtavaan\/","og_locale":"sv_SE","og_type":"article","og_title":"Asumisrauhan keskus hakee hankep\u00e4\u00e4llikk\u00f6\u00e4 vakinaiseen teht\u00e4v\u00e4\u00e4n - Asumisrauhan keskus","og_description":"Hankep\u00e4\u00e4llik\u00f6n teht\u00e4viin kuuluvat Asumisrauhan keskuksen asiantuntijatiimin sek\u00e4 vapaaehtoisten johtaminen, toiminnan suunnittelu ja kehitt\u00e4minen, henkil\u00f6st\u00f6hallinto, talousvastuu, vaikuttamis- ja verkostoty\u00f6 sek\u00e4 rahoittajille ja yhdistyksen hallitukselle vaadittavien hakemusten ja raporttien laatiminen. Lis\u00e4ksi p\u00e4\u00e4llik\u00f6n ty\u00f6teht\u00e4viin kuuluvat sovitteluty\u00f6 ja kouluttaminen.","og_url":"https:\/\/www.asumisrauha.fi\/sv\/asumisrauhan-keskus-hakee-hankepaallikkoa-vakinaiseen-tehtavaan\/","og_site_name":"Asumisrauhan keskus","article_published_time":"2026-03-20T09:11:46+00:00","article_modified_time":"2026-03-20T09:11:48+00:00","og_image":[{"width":1607,"height":380,"url":"https:\/\/www.asumisrauha.fi\/wp-content\/uploads\/2025\/06\/puutarhassa_iso_leikattu-1.jpg","type":"image\/jpeg"}],"author":"Yli-Koski","twitter_card":"summary_large_image","twitter_misc":{"Skriven av":"Yli-Koski","Ber\u00e4knad l\u00e4stid":"3 minuter"},"schema":{"@context":"https:\/\/schema.org","@graph":[{"@type":"Article","@id":"https:\/\/www.asumisrauha.fi\/asumisrauhan-keskus-hakee-hankepaallikkoa-vakinaiseen-tehtavaan\/#article","isPartOf":{"@id":"https:\/\/www.asumisrauha.fi\/asumisrauhan-keskus-hakee-hankepaallikkoa-vakinaiseen-tehtavaan\/"},"author":{"name":"Yli-Koski","@id":"https:\/\/www.asumisrauha.fi\/#\/schema\/person\/5a261b742d490756ea5d6a6e76b8b3de"},"headline":"Asumisrauhan keskus hakee hankep\u00e4\u00e4llikk\u00f6\u00e4 vakinaiseen teht\u00e4v\u00e4\u00e4n","datePublished":"2026-03-20T09:11:46+00:00","dateModified":"2026-03-20T09:11:48+00:00","mainEntityOfPage":{"@id":"https:\/\/www.asumisrauha.fi\/asumisrauhan-keskus-hakee-hankepaallikkoa-vakinaiseen-tehtavaan\/"},"wordCount":453,"publisher":{"@id":"https:\/\/www.asumisrauha.fi\/#organization"},"image":{"@id":"https:\/\/www.asumisrauha.fi\/asumisrauhan-keskus-hakee-hankepaallikkoa-vakinaiseen-tehtavaan\/#primaryimage"},"thumbnailUrl":"https:\/\/www.asumisrauha.fi\/wp-content\/uploads\/2025\/06\/puutarhassa_iso_leikattu-1.jpg","articleSection":["Yleinen"],"inLanguage":"sv-SE"},{"@type":"WebPage","@id":"https:\/\/www.asumisrauha.fi\/asumisrauhan-keskus-hakee-hankepaallikkoa-vakinaiseen-tehtavaan\/","url":"https:\/\/www.asumisrauha.fi\/asumisrauhan-keskus-hakee-hankepaallikkoa-vakinaiseen-tehtavaan\/","name":"Centrum f\u00f6r boendero s\u00f6ker projektdeltagare f\u00f6r fast tj\u00e4nst - Centrum f\u00f6r boendero","isPartOf":{"@id":"https:\/\/www.asumisrauha.fi\/#website"},"primaryImageOfPage":{"@id":"https:\/\/www.asumisrauha.fi\/asumisrauhan-keskus-hakee-hankepaallikkoa-vakinaiseen-tehtavaan\/#primaryimage"},"image":{"@id":"https:\/\/www.asumisrauha.fi\/asumisrauhan-keskus-hakee-hankepaallikkoa-vakinaiseen-tehtavaan\/#primaryimage"},"thumbnailUrl":"https:\/\/www.asumisrauha.fi\/wp-content\/uploads\/2025\/06\/puutarhassa_iso_leikattu-1.jpg","datePublished":"2026-03-20T09:11:46+00:00","dateModified":"2026-03-20T09:11:48+00:00","breadcrumb":{"@id":"https:\/\/www.asumisrauha.fi\/asumisrauhan-keskus-hakee-hankepaallikkoa-vakinaiseen-tehtavaan\/#breadcrumb"},"inLanguage":"sv-SE","potentialAction":[{"@type":"ReadAction","target":["https:\/\/www.asumisrauha.fi\/asumisrauhan-keskus-hakee-hankepaallikkoa-vakinaiseen-tehtavaan\/"]}]},{"@type":"ImageObject","inLanguage":"sv-SE","@id":"https:\/\/www.asumisrauha.fi\/asumisrauhan-keskus-hakee-hankepaallikkoa-vakinaiseen-tehtavaan\/#primaryimage","url":"https:\/\/www.asumisrauha.fi\/wp-content\/uploads\/2025\/06\/puutarhassa_iso_leikattu-1.jpg","contentUrl":"https:\/\/www.asumisrauha.fi\/wp-content\/uploads\/2025\/06\/puutarhassa_iso_leikattu-1.jpg","width":1607,"height":380},{"@type":"BreadcrumbList","@id":"https:\/\/www.asumisrauha.fi\/asumisrauhan-keskus-hakee-hankepaallikkoa-vakinaiseen-tehtavaan\/#breadcrumb","itemListElement":[{"@type":"ListItem","position":1,"name":"Etusivu","item":"https:\/\/www.asumisrauha.fi\/"},{"@type":"ListItem","position":2,"name":"Asumisrauhan keskus hakee hankep\u00e4\u00e4llikk\u00f6\u00e4 vakinaiseen teht\u00e4v\u00e4\u00e4n"}]},{"@type":"WebSite","@id":"https:\/\/www.asumisrauha.fi\/#website","url":"https:\/\/www.asumisrauha.fi\/","name":"Centrum f\u00f6r fred i boendet","description":"Centrum f\u00f6r boendefrid medlar i konflikter som r\u00f6r boende och grannskap.","publisher":{"@id":"https:\/\/www.asumisrauha.fi\/#organization"},"potentialAction":[{"@type":"SearchAction","target":{"@type":"EntryPoint","urlTemplate":"https:\/\/www.asumisrauha.fi\/?s={search_term_string}"},"query-input":{"@type":"PropertyValueSpecification","valueRequired":true,"valueName":"search_term_string"}}],"inLanguage":"sv-SE"},{"@type":"Organization","@id":"https:\/\/www.asumisrauha.fi\/#organization","name":"Centrum f\u00f6r fred i boendet","url":"https:\/\/www.asumisrauha.fi\/","logo":{"@type":"ImageObject","inLanguage":"sv-SE","@id":"https:\/\/www.asumisrauha.fi\/#\/schema\/logo\/image\/","url":"https:\/\/www.asumisrauha.fi\/wp-content\/uploads\/2025\/05\/cropped-logo12.png","contentUrl":"https:\/\/www.asumisrauha.fi\/wp-content\/uploads\/2025\/05\/cropped-logo12.png","width":261,"height":231,"caption":"Asumisrauhan keskus"},"image":{"@id":"https:\/\/www.asumisrauha.fi\/#\/schema\/logo\/image\/"},"sameAs":["https:\/\/fi.linkedin.com\/company\/naapuruussovittelun-keskus"]},{"@type":"Person","@id":"https:\/\/www.asumisrauha.fi\/#\/schema\/person\/5a261b742d490756ea5d6a6e76b8b3de","name":"Yli-Koski","url":"https:\/\/www.asumisrauha.fi\/sv\/author\/paivi-yli-koski-admin\/"}]}},"_links":{"self":[{"href":"https:\/\/www.asumisrauha.fi\/sv\/wp-json\/wp\/v2\/posts\/7569","targetHints":{"allow":["GET"]}}],"collection":[{"href":"https:\/\/www.asumisrauha.fi\/sv\/wp-json\/wp\/v2\/posts"}],"about":[{"href":"https:\/\/www.asumisrauha.fi\/sv\/wp-json\/wp\/v2\/types\/post"}],"author":[{"embeddable":true,"href":"https:\/\/www.asumisrauha.fi\/sv\/wp-json\/wp\/v2\/users\/10"}],"replies":[{"embeddable":true,"href":"https:\/\/www.asumisrauha.fi\/sv\/wp-json\/wp\/v2\/comments?post=7569"}],"version-history":[{"count":1,"href":"https:\/\/www.asumisrauha.fi\/sv\/wp-json\/wp\/v2\/posts\/7569\/revisions"}],"predecessor-version":[{"id":7570,"href":"https:\/\/www.asumisrauha.fi\/sv\/wp-json\/wp\/v2\/posts\/7569\/revisions\/7570"}],"wp:featuredmedia":[{"embeddable":true,"href":"https:\/\/www.asumisrauha.fi\/sv\/wp-json\/wp\/v2\/media\/7266"}],"wp:attachment":[{"href":"https:\/\/www.asumisrauha.fi\/sv\/wp-json\/wp\/v2\/media?parent=7569"}],"wp:term":[{"taxonomy":"category","embeddable":true,"href":"https:\/\/www.asumisrauha.fi\/sv\/wp-json\/wp\/v2\/categories?post=7569"},{"taxonomy":"post_tag","embeddable":true,"href":"https:\/\/www.asumisrauha.fi\/sv\/wp-json\/wp\/v2\/tags?post=7569"}],"curies":[{"name":"wp","href":"https:\/\/api.w.org\/{rel}","templated":true}]}}